{"id":15814,"date":"2023-01-19T16:46:00","date_gmt":"2023-01-19T16:46:00","guid":{"rendered":"http:\/\/89.166.50.73\/~gainer\/?p=15814"},"modified":"2023-01-19T16:46:00","modified_gmt":"2023-01-19T16:46:00","slug":"gainer-oy-on-nimittanyt-marianne-makisen-operatiiviseksi-johtajaksi-vuoden-2023-alusta-alkaen","status":"publish","type":"post","link":"https:\/\/gainer.fi\/en\/gainer-oy-on-nimittanyt-marianne-makisen-operatiiviseksi-johtajaksi-vuoden-2023-alusta-alkaen\/","title":{"rendered":"Gainer Oy on nimitt\u00e4nyt Marianne M\u00e4kisen operatiiviseksi johtajaksi vuoden 2023 alusta alkaen."},"content":{"rendered":"<p>\u201d<\/p>\n\n\n\n<div class=\"wp-block-media-text alignwide is-stacked-on-mobile\"><figure class=\"wp-block-media-text__media\"><img decoding=\"async\" src=\"http:\/\/gainer.fi\/wp-content\/uploads\/2018\/09\/marianne-1.jpg\" alt=\"\" class=\"wp-image-11798 size-full\"\/><\/figure><div class=\"wp-block-media-text__content\">\n<p><strong>Marianne &#8221;Maiju&#8221; M\u00e4kinen<\/strong> on nimetty Gainerin <strong>operatiiviseksi johtajaksi vuoden 2023 alusta alkaen<\/strong>. Maiju on toiminut Gainerilla tiimip\u00e4\u00e4llikk\u00f6n\u00e4 syyskuusta 2018 ja vienyt tiimi\u00e4\u00e4n ansiokkaasti eteenp\u00e4in m\u00e4\u00e4r\u00e4tietoista ja j\u00e4rjestelm\u00e4llist\u00e4 johtamistyyli\u00e4\u00e4n k\u00e4ytt\u00e4en. Maijun vastuualueena tulee jatkossa olemaan Gainerin tiimien toiminnan koordinoiminen ja h\u00e4nelle nimetyt asiakkuudet.<\/p>\n\n\n\n<p>Toimitusjohtaja <strong>Jeanette Borg <\/strong>&#8221;Gainerin uutena toimitusjohtajana olen eritt\u00e4in tyytyv\u00e4inen siit\u00e4, ett\u00e4 meill\u00e4 on mahdollisuus nostaa talon sis\u00e4lt\u00e4 entiseen tuotantojohtajan rooliin henkil\u00f6, joka tuntee asiakkuudet ja tiimit eritt\u00e4in hyvin.&#8221;<\/p>\n<\/div><\/div>","protected":false},"excerpt":{"rendered":"<p>\u201d Marianne &#8221;Maiju&#8221; M\u00e4kinen on nimetty Gainerin operatiiviseksi johtajaksi vuoden 2023 alusta alkaen. Maiju on toiminut Gainerilla tiimip\u00e4\u00e4llikk\u00f6n\u00e4 syyskuusta 2018 ja vienyt tiimi\u00e4\u00e4n ansiokkaasti eteenp\u00e4in m\u00e4\u00e4r\u00e4tietoista ja j\u00e4rjestelm\u00e4llist\u00e4 johtamistyyli\u00e4\u00e4n k\u00e4ytt\u00e4en. Maijun vastuualueena tulee jatkossa olemaan Gainerin tiimien toiminnan koordinoiminen ja h\u00e4nelle nimetyt asiakkuudet. Toimitusjohtaja Jeanette Borg &#8221;Gainerin uutena toimitusjohtajana olen eritt\u00e4in tyytyv\u00e4inen siit\u00e4, ett\u00e4 meill\u00e4 [&hellip;]<\/p>","protected":false},"author":6,"featured_media":0,"comment_status":"closed","ping_status":"closed","sticky":false,"template":"","format":"standard","meta":{"site-sidebar-layout":"default","site-content-layout":"","ast-site-content-layout":"default","site-content-style":"default","site-sidebar-style":"default","ast-global-header-display":"","ast-banner-title-visibility":"","ast-main-header-display":"","ast-hfb-above-header-display":"","ast-hfb-below-header-display":"","ast-hfb-mobile-header-display":"","site-post-title":"","ast-breadcrumbs-content":"","ast-featured-img":"","footer-sml-layout":"","theme-transparent-header-meta":"","adv-header-id-meta":"","stick-header-meta":"","header-above-stick-meta":"","header-main-stick-meta":"","header-below-stick-meta":"","astra-migrate-meta-layouts":"default","ast-page-background-enabled":"default","ast-page-background-meta":{"desktop":{"background-color":"","background-image":"","background-repeat":"repeat","background-position":"center center","background-size":"auto","background-attachment":"scroll","background-type":"","background-media":"","overlay-type":"","overlay-color":"","overlay-opacity":"","overlay-gradient":""},"tablet":{"background-color":"","background-image":"","background-repeat":"repeat","background-position":"center center","background-size":"auto","background-attachment":"scroll","background-type":"","background-media":"","overlay-type":"","overlay-color":"","overlay-opacity":"","overlay-gradient":""},"mobile":{"background-color":"","background-image":"","background-repeat":"repeat","background-position":"center center","background-size":"auto","background-attachment":"scroll","background-type":"","background-media":"","overlay-type":"","overlay-color":"","overlay-opacity":"","overlay-gradient":""}},"ast-content-background-meta":{"desktop":{"background-color":"var(--ast-global-color-5)","background-image":"","background-repeat":"repeat","background-position":"center center","background-size":"auto","background-attachment":"scroll","background-type":"","background-media":"","overlay-type":"","overlay-color":"","overlay-opacity":"","overlay-gradient":""},"tablet":{"background-color":"var(--ast-global-color-5)","background-image":"","background-repeat":"repeat","background-position":"center center","background-size":"auto","background-attachment":"scroll","background-type":"","background-media":"","overlay-type":"","overlay-color":"","overlay-opacity":"","overlay-gradient":""},"mobile":{"background-color":"var(--ast-global-color-5)","background-image":"","background-repeat":"repeat","background-position":"center center","background-size":"auto","background-attachment":"scroll","background-type":"","background-media":"","overlay-type":"","overlay-color":"","overlay-opacity":"","overlay-gradient":""}},"footnotes":""},"categories":[19],"tags":[],"class_list":["post-15814","post","type-post","status-publish","format-standard","hentry","category-ajankohtaista"],"yoast_head":"<!-- This site is optimized with the Yoast SEO plugin v27.5 - https:\/\/yoast.com\/product\/yoast-seo-wordpress\/ -->\n<title>Gainer Oy on nimitt\u00e4nyt Marianne M\u00e4kisen operatiiviseksi johtajaksi vuoden 2023 alusta alkaen. - Gainer<\/title>\n<meta name=\"robots\" content=\"index, follow, max-snippet:-1, max-image-preview:large, max-video-preview:-1\" \/>\n<link rel=\"canonical\" href=\"https:\/\/gainer.fi\/en\/gainer-oy-on-nimittanyt-marianne-makisen-operatiiviseksi-johtajaksi-vuoden-2023-alusta-alkaen\/\" \/>\n<meta property=\"og:locale\" content=\"en_GB\" \/>\n<meta property=\"og:type\" content=\"article\" \/>\n<meta property=\"og:title\" content=\"Gainer Oy on nimitt\u00e4nyt Marianne M\u00e4kisen operatiiviseksi johtajaksi vuoden 2023 alusta alkaen. - Gainer\" \/>\n<meta property=\"og:description\" content=\"\u201d Marianne &#8221;Maiju&#8221; M\u00e4kinen on nimetty Gainerin operatiiviseksi johtajaksi vuoden 2023 alusta alkaen. Maiju on toiminut Gainerilla tiimip\u00e4\u00e4llikk\u00f6n\u00e4 syyskuusta 2018 ja vienyt tiimi\u00e4\u00e4n ansiokkaasti eteenp\u00e4in m\u00e4\u00e4r\u00e4tietoista ja j\u00e4rjestelm\u00e4llist\u00e4 johtamistyyli\u00e4\u00e4n k\u00e4ytt\u00e4en. Maijun vastuualueena tulee jatkossa olemaan Gainerin tiimien toiminnan koordinoiminen ja h\u00e4nelle nimetyt asiakkuudet. Toimitusjohtaja Jeanette Borg &#8221;Gainerin uutena toimitusjohtajana olen eritt\u00e4in tyytyv\u00e4inen siit\u00e4, ett\u00e4 meill\u00e4 [&hellip;]\" \/>\n<meta property=\"og:url\" content=\"https:\/\/gainer.fi\/en\/gainer-oy-on-nimittanyt-marianne-makisen-operatiiviseksi-johtajaksi-vuoden-2023-alusta-alkaen\/\" \/>\n<meta property=\"og:site_name\" content=\"Gainer\" \/>\n<meta property=\"article:published_time\" content=\"2023-01-19T16:46:00+00:00\" \/>\n<meta property=\"og:image\" content=\"http:\/\/gainer.fi\/wp-content\/uploads\/2018\/09\/marianne-1.jpg\" \/>\n<meta name=\"author\" content=\"user231\" \/>\n<meta name=\"twitter:card\" content=\"summary_large_image\" \/>\n<meta name=\"twitter:label1\" content=\"Written by\" \/>\n\t<meta name=\"twitter:data1\" content=\"user231\" \/>\n\t<meta name=\"twitter:label2\" content=\"Estimated reading time\" \/>\n\t<meta name=\"twitter:data2\" content=\"1 minute\" \/>\n<script type=\"application\/ld+json\" class=\"yoast-schema-graph\">{\"@context\":\"https:\\\/\\\/schema.org\",\"@graph\":[{\"@type\":\"Article\",\"@id\":\"https:\\\/\\\/gainer.fi\\\/gainer-oy-on-nimittanyt-marianne-makisen-operatiiviseksi-johtajaksi-vuoden-2023-alusta-alkaen\\\/#article\",\"isPartOf\":{\"@id\":\"https:\\\/\\\/gainer.fi\\\/gainer-oy-on-nimittanyt-marianne-makisen-operatiiviseksi-johtajaksi-vuoden-2023-alusta-alkaen\\\/\"},\"author\":{\"name\":\"user231\",\"@id\":\"https:\\\/\\\/gainer.fi\\\/#\\\/schema\\\/person\\\/daae765957fd0abb9d86456405bb38e8\"},\"headline\":\"Gainer Oy on nimitt\u00e4nyt Marianne M\u00e4kisen operatiiviseksi johtajaksi vuoden 2023 alusta alkaen.\",\"datePublished\":\"2023-01-19T16:46:00+00:00\",\"mainEntityOfPage\":{\"@id\":\"https:\\\/\\\/gainer.fi\\\/gainer-oy-on-nimittanyt-marianne-makisen-operatiiviseksi-johtajaksi-vuoden-2023-alusta-alkaen\\\/\"},\"wordCount\":98,\"publisher\":{\"@id\":\"https:\\\/\\\/gainer.fi\\\/#organization\"},\"image\":{\"@id\":\"https:\\\/\\\/gainer.fi\\\/gainer-oy-on-nimittanyt-marianne-makisen-operatiiviseksi-johtajaksi-vuoden-2023-alusta-alkaen\\\/#primaryimage\"},\"thumbnailUrl\":\"http:\\\/\\\/gainer.fi\\\/wp-content\\\/uploads\\\/2018\\\/09\\\/marianne-1.jpg\",\"articleSection\":[\"Ajankohtaista\"],\"inLanguage\":\"en-GB\"},{\"@type\":\"WebPage\",\"@id\":\"https:\\\/\\\/gainer.fi\\\/gainer-oy-on-nimittanyt-marianne-makisen-operatiiviseksi-johtajaksi-vuoden-2023-alusta-alkaen\\\/\",\"url\":\"https:\\\/\\\/gainer.fi\\\/gainer-oy-on-nimittanyt-marianne-makisen-operatiiviseksi-johtajaksi-vuoden-2023-alusta-alkaen\\\/\",\"name\":\"Gainer Oy on nimitt\u00e4nyt Marianne M\u00e4kisen operatiiviseksi johtajaksi vuoden 2023 alusta alkaen. - Gainer\",\"isPartOf\":{\"@id\":\"https:\\\/\\\/gainer.fi\\\/#website\"},\"primaryImageOfPage\":{\"@id\":\"https:\\\/\\\/gainer.fi\\\/gainer-oy-on-nimittanyt-marianne-makisen-operatiiviseksi-johtajaksi-vuoden-2023-alusta-alkaen\\\/#primaryimage\"},\"image\":{\"@id\":\"https:\\\/\\\/gainer.fi\\\/gainer-oy-on-nimittanyt-marianne-makisen-operatiiviseksi-johtajaksi-vuoden-2023-alusta-alkaen\\\/#primaryimage\"},\"thumbnailUrl\":\"http:\\\/\\\/gainer.fi\\\/wp-content\\\/uploads\\\/2018\\\/09\\\/marianne-1.jpg\",\"datePublished\":\"2023-01-19T16:46:00+00:00\",\"breadcrumb\":{\"@id\":\"https:\\\/\\\/gainer.fi\\\/gainer-oy-on-nimittanyt-marianne-makisen-operatiiviseksi-johtajaksi-vuoden-2023-alusta-alkaen\\\/#breadcrumb\"},\"inLanguage\":\"en-GB\",\"potentialAction\":[{\"@type\":\"ReadAction\",\"target\":[\"https:\\\/\\\/gainer.fi\\\/gainer-oy-on-nimittanyt-marianne-makisen-operatiiviseksi-johtajaksi-vuoden-2023-alusta-alkaen\\\/\"]}]},{\"@type\":\"ImageObject\",\"inLanguage\":\"en-GB\",\"@id\":\"https:\\\/\\\/gainer.fi\\\/gainer-oy-on-nimittanyt-marianne-makisen-operatiiviseksi-johtajaksi-vuoden-2023-alusta-alkaen\\\/#primaryimage\",\"url\":\"http:\\\/\\\/gainer.fi\\\/wp-content\\\/uploads\\\/2018\\\/09\\\/marianne-1.jpg\",\"contentUrl\":\"http:\\\/\\\/gainer.fi\\\/wp-content\\\/uploads\\\/2018\\\/09\\\/marianne-1.jpg\"},{\"@type\":\"BreadcrumbList\",\"@id\":\"https:\\\/\\\/gainer.fi\\\/gainer-oy-on-nimittanyt-marianne-makisen-operatiiviseksi-johtajaksi-vuoden-2023-alusta-alkaen\\\/#breadcrumb\",\"itemListElement\":[{\"@type\":\"ListItem\",\"position\":1,\"name\":\"Home\",\"item\":\"https:\\\/\\\/gainer.fi\\\/\"},{\"@type\":\"ListItem\",\"position\":2,\"name\":\"Gainer Oy on nimitt\u00e4nyt Marianne M\u00e4kisen operatiiviseksi johtajaksi vuoden 2023 alusta alkaen.\"}]},{\"@type\":\"WebSite\",\"@id\":\"https:\\\/\\\/gainer.fi\\\/#website\",\"url\":\"https:\\\/\\\/gainer.fi\\\/\",\"name\":\"Gainer\",\"description\":\"Gainer\",\"publisher\":{\"@id\":\"https:\\\/\\\/gainer.fi\\\/#organization\"},\"potentialAction\":[{\"@type\":\"SearchAction\",\"target\":{\"@type\":\"EntryPoint\",\"urlTemplate\":\"https:\\\/\\\/gainer.fi\\\/?s={search_term_string}\"},\"query-input\":{\"@type\":\"PropertyValueSpecification\",\"valueRequired\":true,\"valueName\":\"search_term_string\"}}],\"inLanguage\":\"en-GB\"},{\"@type\":\"Organization\",\"@id\":\"https:\\\/\\\/gainer.fi\\\/#organization\",\"name\":\"Gainer\",\"url\":\"https:\\\/\\\/gainer.fi\\\/\",\"logo\":{\"@type\":\"ImageObject\",\"inLanguage\":\"en-GB\",\"@id\":\"https:\\\/\\\/gainer.fi\\\/#\\\/schema\\\/logo\\\/image\\\/\",\"url\":\"https:\\\/\\\/gainer.fi\\\/wp-content\\\/uploads\\\/2021\\\/02\\\/Gainer-logo.png\",\"contentUrl\":\"https:\\\/\\\/gainer.fi\\\/wp-content\\\/uploads\\\/2021\\\/02\\\/Gainer-logo.png\",\"width\":1000,\"height\":239,\"caption\":\"Gainer\"},\"image\":{\"@id\":\"https:\\\/\\\/gainer.fi\\\/#\\\/schema\\\/logo\\\/image\\\/\"}},{\"@type\":\"Person\",\"@id\":\"https:\\\/\\\/gainer.fi\\\/#\\\/schema\\\/person\\\/daae765957fd0abb9d86456405bb38e8\",\"name\":\"user231\",\"url\":\"https:\\\/\\\/gainer.fi\\\/en\\\/author\\\/user231\\\/\"}]}<\/script>\n<!-- \/ Yoast SEO plugin. -->","yoast_head_json":{"title":"Gainer Oy on nimitt\u00e4nyt Marianne M\u00e4kisen operatiiviseksi johtajaksi vuoden 2023 alusta alkaen. - Gainer","robots":{"index":"index","follow":"follow","max-snippet":"max-snippet:-1","max-image-preview":"max-image-preview:large","max-video-preview":"max-video-preview:-1"},"canonical":"https:\/\/gainer.fi\/en\/gainer-oy-on-nimittanyt-marianne-makisen-operatiiviseksi-johtajaksi-vuoden-2023-alusta-alkaen\/","og_locale":"en_GB","og_type":"article","og_title":"Gainer Oy on nimitt\u00e4nyt Marianne M\u00e4kisen operatiiviseksi johtajaksi vuoden 2023 alusta alkaen. - Gainer","og_description":"\u201d Marianne &#8221;Maiju&#8221; M\u00e4kinen on nimetty Gainerin operatiiviseksi johtajaksi vuoden 2023 alusta alkaen. Maiju on toiminut Gainerilla tiimip\u00e4\u00e4llikk\u00f6n\u00e4 syyskuusta 2018 ja vienyt tiimi\u00e4\u00e4n ansiokkaasti eteenp\u00e4in m\u00e4\u00e4r\u00e4tietoista ja j\u00e4rjestelm\u00e4llist\u00e4 johtamistyyli\u00e4\u00e4n k\u00e4ytt\u00e4en. Maijun vastuualueena tulee jatkossa olemaan Gainerin tiimien toiminnan koordinoiminen ja h\u00e4nelle nimetyt asiakkuudet. Toimitusjohtaja Jeanette Borg &#8221;Gainerin uutena toimitusjohtajana olen eritt\u00e4in tyytyv\u00e4inen siit\u00e4, ett\u00e4 meill\u00e4 [&hellip;]","og_url":"https:\/\/gainer.fi\/en\/gainer-oy-on-nimittanyt-marianne-makisen-operatiiviseksi-johtajaksi-vuoden-2023-alusta-alkaen\/","og_site_name":"Gainer","article_published_time":"2023-01-19T16:46:00+00:00","og_image":[{"url":"http:\/\/gainer.fi\/wp-content\/uploads\/2018\/09\/marianne-1.jpg","type":"","width":"","height":""}],"author":"user231","twitter_card":"summary_large_image","twitter_misc":{"Written by":"user231","Estimated reading time":"1 minute"},"schema":{"@context":"https:\/\/schema.org","@graph":[{"@type":"Article","@id":"https:\/\/gainer.fi\/gainer-oy-on-nimittanyt-marianne-makisen-operatiiviseksi-johtajaksi-vuoden-2023-alusta-alkaen\/#article","isPartOf":{"@id":"https:\/\/gainer.fi\/gainer-oy-on-nimittanyt-marianne-makisen-operatiiviseksi-johtajaksi-vuoden-2023-alusta-alkaen\/"},"author":{"name":"user231","@id":"https:\/\/gainer.fi\/#\/schema\/person\/daae765957fd0abb9d86456405bb38e8"},"headline":"Gainer Oy on nimitt\u00e4nyt Marianne M\u00e4kisen operatiiviseksi johtajaksi vuoden 2023 alusta alkaen.","datePublished":"2023-01-19T16:46:00+00:00","mainEntityOfPage":{"@id":"https:\/\/gainer.fi\/gainer-oy-on-nimittanyt-marianne-makisen-operatiiviseksi-johtajaksi-vuoden-2023-alusta-alkaen\/"},"wordCount":98,"publisher":{"@id":"https:\/\/gainer.fi\/#organization"},"image":{"@id":"https:\/\/gainer.fi\/gainer-oy-on-nimittanyt-marianne-makisen-operatiiviseksi-johtajaksi-vuoden-2023-alusta-alkaen\/#primaryimage"},"thumbnailUrl":"http:\/\/gainer.fi\/wp-content\/uploads\/2018\/09\/marianne-1.jpg","articleSection":["Ajankohtaista"],"inLanguage":"en-GB"},{"@type":"WebPage","@id":"https:\/\/gainer.fi\/gainer-oy-on-nimittanyt-marianne-makisen-operatiiviseksi-johtajaksi-vuoden-2023-alusta-alkaen\/","url":"https:\/\/gainer.fi\/gainer-oy-on-nimittanyt-marianne-makisen-operatiiviseksi-johtajaksi-vuoden-2023-alusta-alkaen\/","name":"Gainer Oy on nimitt\u00e4nyt Marianne M\u00e4kisen operatiiviseksi johtajaksi vuoden 2023 alusta alkaen. - Gainer","isPartOf":{"@id":"https:\/\/gainer.fi\/#website"},"primaryImageOfPage":{"@id":"https:\/\/gainer.fi\/gainer-oy-on-nimittanyt-marianne-makisen-operatiiviseksi-johtajaksi-vuoden-2023-alusta-alkaen\/#primaryimage"},"image":{"@id":"https:\/\/gainer.fi\/gainer-oy-on-nimittanyt-marianne-makisen-operatiiviseksi-johtajaksi-vuoden-2023-alusta-alkaen\/#primaryimage"},"thumbnailUrl":"http:\/\/gainer.fi\/wp-content\/uploads\/2018\/09\/marianne-1.jpg","datePublished":"2023-01-19T16:46:00+00:00","breadcrumb":{"@id":"https:\/\/gainer.fi\/gainer-oy-on-nimittanyt-marianne-makisen-operatiiviseksi-johtajaksi-vuoden-2023-alusta-alkaen\/#breadcrumb"},"inLanguage":"en-GB","potentialAction":[{"@type":"ReadAction","target":["https:\/\/gainer.fi\/gainer-oy-on-nimittanyt-marianne-makisen-operatiiviseksi-johtajaksi-vuoden-2023-alusta-alkaen\/"]}]},{"@type":"ImageObject","inLanguage":"en-GB","@id":"https:\/\/gainer.fi\/gainer-oy-on-nimittanyt-marianne-makisen-operatiiviseksi-johtajaksi-vuoden-2023-alusta-alkaen\/#primaryimage","url":"http:\/\/gainer.fi\/wp-content\/uploads\/2018\/09\/marianne-1.jpg","contentUrl":"http:\/\/gainer.fi\/wp-content\/uploads\/2018\/09\/marianne-1.jpg"},{"@type":"BreadcrumbList","@id":"https:\/\/gainer.fi\/gainer-oy-on-nimittanyt-marianne-makisen-operatiiviseksi-johtajaksi-vuoden-2023-alusta-alkaen\/#breadcrumb","itemListElement":[{"@type":"ListItem","position":1,"name":"Home","item":"https:\/\/gainer.fi\/"},{"@type":"ListItem","position":2,"name":"Gainer Oy on nimitt\u00e4nyt Marianne M\u00e4kisen operatiiviseksi johtajaksi vuoden 2023 alusta alkaen."}]},{"@type":"WebSite","@id":"https:\/\/gainer.fi\/#website","url":"https:\/\/gainer.fi\/","name":"Gainer","description":"Gainer","publisher":{"@id":"https:\/\/gainer.fi\/#organization"},"potentialAction":[{"@type":"SearchAction","target":{"@type":"EntryPoint","urlTemplate":"https:\/\/gainer.fi\/?s={search_term_string}"},"query-input":{"@type":"PropertyValueSpecification","valueRequired":true,"valueName":"search_term_string"}}],"inLanguage":"en-GB"},{"@type":"Organization","@id":"https:\/\/gainer.fi\/#organization","name":"Gainer","url":"https:\/\/gainer.fi\/","logo":{"@type":"ImageObject","inLanguage":"en-GB","@id":"https:\/\/gainer.fi\/#\/schema\/logo\/image\/","url":"https:\/\/gainer.fi\/wp-content\/uploads\/2021\/02\/Gainer-logo.png","contentUrl":"https:\/\/gainer.fi\/wp-content\/uploads\/2021\/02\/Gainer-logo.png","width":1000,"height":239,"caption":"Gainer"},"image":{"@id":"https:\/\/gainer.fi\/#\/schema\/logo\/image\/"}},{"@type":"Person","@id":"https:\/\/gainer.fi\/#\/schema\/person\/daae765957fd0abb9d86456405bb38e8","name":"user231","url":"https:\/\/gainer.fi\/en\/author\/user231\/"}]}},"_links":{"self":[{"href":"https:\/\/gainer.fi\/en\/wp-json\/wp\/v2\/posts\/15814","targetHints":{"allow":["GET"]}}],"collection":[{"href":"https:\/\/gainer.fi\/en\/wp-json\/wp\/v2\/posts"}],"about":[{"href":"https:\/\/gainer.fi\/en\/wp-json\/wp\/v2\/types\/post"}],"author":[{"embeddable":true,"href":"https:\/\/gainer.fi\/en\/wp-json\/wp\/v2\/users\/6"}],"replies":[{"embeddable":true,"href":"https:\/\/gainer.fi\/en\/wp-json\/wp\/v2\/comments?post=15814"}],"version-history":[{"count":0,"href":"https:\/\/gainer.fi\/en\/wp-json\/wp\/v2\/posts\/15814\/revisions"}],"wp:attachment":[{"href":"https:\/\/gainer.fi\/en\/wp-json\/wp\/v2\/media?parent=15814"}],"wp:term":[{"taxonomy":"category","embeddable":true,"href":"https:\/\/gainer.fi\/en\/wp-json\/wp\/v2\/categories?post=15814"},{"taxonomy":"post_tag","embeddable":true,"href":"https:\/\/gainer.fi\/en\/wp-json\/wp\/v2\/tags?post=15814"}],"curies":[{"name":"wp","href":"https:\/\/api.w.org\/{rel}","templated":true}]}}